{"id":1003,"date":"2012-08-16T12:31:08","date_gmt":"2012-08-16T10:31:08","guid":{"rendered":"http:\/\/www.kng.agh.edu.pl\/kng\/?p=68"},"modified":"2012-08-16T12:31:08","modified_gmt":"2012-08-16T10:31:08","slug":"leba-2012","status":"publish","type":"post","link":"https:\/\/www.kng.agh.edu.pl\/kng\/2012\/08\/16\/leba-2012\/","title":{"rendered":"\u0141eba 2012"},"content":{"rendered":"<p style=\"text-align: justify;\">\n\tW dniach 9-15 sierpnia 2012 odby\u0142 si\u0119 ob&oacute;z naukowy dotycz\u0105cy pomiaru wydm ruchomych ze szczeg&oacute;lnym uwzgl\u0119dnieniem Wydmy \u0141\u0105ckiej. Ma on miejsce na terenie S\u0142owi\u0144skiego Parku Narodowego. Uczestnikami byli obecni jak i byli cz\u0142onkowie Ko\u0142a Naukowego Geodet&oacute;w Dahlta. Opiekunem naukowym tegorocznego obozu by\u0142 dr in\u017c. Jakub Kolecki. Niezb\u0119dnego sprz\u0119tu do pomiaru u\u017cyczy\u0142 nam mgr in\u017c. Micha\u0142 Biernacik- cz\u0142onek KNG w latach 1993-1997, kt&oacute;ry by\u0142 na obozie ju\u017c po raz 20.\n<\/p>\n<p>\n\t<!--more-->\n<\/p>\n<p style=\"text-align: justify;\">\n\tPogoda w tym roku nie rozpieszcza\u0142a nas. Na szcz\u0119\u015bcie opad&oacute;w deszczu nie by\u0142o, ale zachmurzone niebo widzieli\u015bmy cz\u0119sto. W zwi\u0105zku z pogod\u0105 pomiary starali\u015bmy si\u0119 przeprowadzi\u0107 sprawnie i szybko. Ch\u0142odny wiatr i przeszkadzaj\u0105cy piasek, kt&oacute;ry wraz z wiatrem przemieszcza\u0142 si\u0119, bardzo utrudnia\u0142 pomiary i mobilizowa\u0142 do wsp&oacute;\u0142pracy. Pomiar wykonano w oparciu o dwa ci\u0105gi wisz\u0105ce nawi\u0105zane k\u0105towo-liniowo o 2 punkty osnowy trzeciej klasy. Z punkt&oacute;w ci\u0105g&oacute;w zebrano pikiety. Na ich podstawie zostanie wykonana m.in. mapa sytuacyjno- wysoko\u015bciowa oraz model 3D wydmy.\n<\/p>\n<p style=\"text-align: justify;\">\n\tDzi\u0119ki uprzejmo\u015bci Dyrekcji Parku mogli\u015bmy rozbi\u0107 namioty na terenie SPN, na polanie ko\u0142o Bia\u0142ego Domku w R\u0105bce k. \u0141eby. Mieli\u015bmy tam przyrz\u0105dzone miejsce na ognisko. Niekt&oacute;rymi wieczorami siedzieli\u015bmy do p&oacute;\u017anych godzin przy p\u0142omieniach ogniska rozmawiaj\u0105c, \u015bpiewaj\u0105c i bawi\u0105c si\u0119.\n<\/p>\n<p style=\"text-align: justify;\">\n\tOpr&oacute;cz pomiar&oacute;w znale\u017ali\u015bmy czas tak\u017ce na odpoczynek i zwiedzanie okolicy. Na przyrz\u0105dzenie ma\u0142ego co nie co r&oacute;wnie\u017c by\u0142a chwila. Oczywi\u015bcie w tym roku nie zabrak\u0142o najwi\u0119kszego smako\u0142yku tj. &bdquo;\u0142ebskiego kocio\u0142ka&rdquo;. Bez wyj\u0105tku ka\u017cdy \u0141ebowicz przepada za tym posi\u0142kiem!\n<\/p>\n<p style=\"text-align: justify;\">\n\tTegoroczny ob&oacute;z zosta\u0142 dofinansowany z Grantu Rektorskiego dla K&oacute;\u0142 Naukowych AGH.\n<\/p>\n<p style=\"text-align: justify;\">\n\tDo zobaczenia za rok na nast\u0119pnym obozie!\n<\/p>\n<p style=\"text-align: right;\">\n\t<span style=\"font-size:10px;\">Agata Kie\u0142b<\/span><\/p>\n","protected":false},"excerpt":{"rendered":"<p>W dniach 9-15 sierpnia 2012 odby\u0142 si\u0119 ob&oacute;z naukowy dotycz\u0105cy pomiaru wydm ruchomych ze szczeg&oacute;lnym uwzgl\u0119dnieniem Wydmy \u0141\u0105ckiej. Ma on miejsce na terenie S\u0142owi\u0144skiego Parku Narodowego. Uczestnikami byli obecni jak i byli cz\u0142onkowie Ko\u0142a Naukowego Geodet&oacute;w Dahlta. Opiekunem naukowym tegorocznego obozu by\u0142 dr in\u017c. Jakub Kolecki. Niezb\u0119dnego sprz\u0119tu do pomiaru u\u017cyczy\u0142 nam mgr in\u017c. Micha\u0142 Biernacik- cz\u0142onek KNG w latach 1993-1997, kt&oacute;ry by\u0142 na obozie ju\u017c po raz 20.<\/p>\n","protected":false},"author":21,"featured_media":0,"comment_status":"closed","ping_status":"open","sticky":false,"template":"","format":"standard","meta":{"footnotes":"","_links_to":"","_links_to_target":""},"categories":[8,16],"tags":[],"class_list":{"0":"post-1003","1":"post","2":"type-post","3":"status-publish","4":"format-standard","6":"category-obozy","7":"category-2011_2012","8":"czr-hentry"},"_links":{"self":[{"href":"https:\/\/www.kng.agh.edu.pl\/kng\/wp-json\/wp\/v2\/posts\/1003","targetHints":{"allow":["GET"]}}],"collection":[{"href":"https:\/\/www.kng.agh.edu.pl\/kng\/wp-json\/wp\/v2\/posts"}],"about":[{"href":"https:\/\/www.kng.agh.edu.pl\/kng\/wp-json\/wp\/v2\/types\/post"}],"author":[{"embeddable":true,"href":"https:\/\/www.kng.agh.edu.pl\/kng\/wp-json\/wp\/v2\/users\/21"}],"replies":[{"embeddable":true,"href":"https:\/\/www.kng.agh.edu.pl\/kng\/wp-json\/wp\/v2\/comments?post=1003"}],"version-history":[{"count":0,"href":"https:\/\/www.kng.agh.edu.pl\/kng\/wp-json\/wp\/v2\/posts\/1003\/revisions"}],"wp:attachment":[{"href":"https:\/\/www.kng.agh.edu.pl\/kng\/wp-json\/wp\/v2\/media?parent=1003"}],"wp:term":[{"taxonomy":"category","embeddable":true,"href":"https:\/\/www.kng.agh.edu.pl\/kng\/wp-json\/wp\/v2\/categories?post=1003"},{"taxonomy":"post_tag","embeddable":true,"href":"https:\/\/www.kng.agh.edu.pl\/kng\/wp-json\/wp\/v2\/tags?post=1003"}],"curies":[{"name":"wp","href":"https:\/\/api.w.org\/{rel}","templated":true}]}}