{"id":1626,"date":"2014-08-15T21:35:14","date_gmt":"2014-08-15T19:35:14","guid":{"rendered":"http:\/\/www.kng.agh.edu.pl\/?p=1626"},"modified":"2014-08-15T21:35:14","modified_gmt":"2014-08-15T19:35:14","slug":"leba-2014","status":"publish","type":"post","link":"https:\/\/www.kng.agh.edu.pl\/kng\/2014\/08\/15\/leba-2014\/","title":{"rendered":"Wydmy pomierzone! Czyli \u0141eba 2014"},"content":{"rendered":"<p>\n\tPocz\u0105tek sierpnia to czas, w kt&oacute;rym studenci naszego Ko\u0142a zn&oacute;w opanowali okolice<strong> \u0141eby<\/strong>.&nbsp; Ju\u017c po raz dwudziesty drugi odby\u0142 si\u0119 festiwal nauki i dobrej atmosfery pod szyldem <strong>obozu naukowego<\/strong>. Kolejny raz&nbsp; wybrali\u015bmy si\u0119, aby zmierzy\u0107 si\u0119 z nietypowym wyzwaniem &ndash; pomiarem przemieszcze\u0144<strong> Wydmy \u0141\u0105ckiej <\/strong>&ndash; najwi\u0119kszej wydmy znajduj\u0105cej si\u0119 na terenie S\u0142owi\u0144skiego Parku Narodowego. Wyruszyli\u015bmy, pe\u0142ni zapa\u0142u, po kolejne ciekawe do\u015bwiadczenia. Nasze tegoroczne zmagania z&nbsp;piaskami wydm, patronatem obj\u0105\u0142 dziekan naszego wydzia\u0142u Pan prof. dr hab. in\u017c. Stanis\u0142aw Gruszczy\u0144ski.\n<\/p>\n<p>\n\t<!--more-->\n<\/p>\n<p>\n\tW obozie, opr&oacute;cz 8 cz\u0142onk&oacute;w naszego ko\u0142a, mieli\u015bmy przyjemno\u015b\u0107&nbsp; go\u015bci\u0107 mgr in\u017c. Micha\u0142a Biernacika, kt&oacute;rego obecno\u015b\u0107 to ju\u017c tradycja tego wyjazdu. Jak co roku, u\u017cyczy\u0142 on nam sprz\u0119tu pomiarowego, a anegdotki, kt&oacute;rych wys\u0142uchali\u015bmy, na pewno pozostan\u0105 w pami\u0119ci ka\u017cdego ze&nbsp;student&oacute;w, wywo\u0142uj\u0105c za ka\u017cdym razem u\u015bmiechy na naszych twarzach. Nadz&oacute;r merytoryczny nad&nbsp;prowadzonymi pomiarami sprawowa\u0142 dr. in\u017c. Miko\u0142aj Skulich. &nbsp;Poza wykonywanym corocznie pomiarem wydmy za pomoc\u0105 tachimetru elektronicznego TCR 405 firmy Leica, w nawi\u0105zaniu do&nbsp;tradycji oraz nazwy Naszego Ko\u0142a, wykonali\u015bmy r&oacute;wnie\u017c &nbsp;pomiary instrumentem klasycznym &ndash; tachimetrem Dahlta. By\u0142o to ciekawe do\u015bwiadczenie, dzi\u0119ki kt&oacute;remu b\u0119dziemy mogli por&oacute;wna\u0107 zalety&nbsp; oraz wady ka\u017cdego z wymienionych tachimetr&oacute;w. Sam pomiar zosta\u0142 wykonany w oparciu o&nbsp;dwa ci\u0105gi wisz\u0105ce, nawi\u0105zane k\u0105towo-liniowo do dw&oacute;ch punkt&oacute;w osnowy 3 klasy znajduj\u0105cych si\u0119 w pobli\u017cu badanego obiektu. Silny wiatr, wiruj\u0105cy w powietrzu piasek, niespodziewana ulewa&nbsp; oraz przechodz\u0105cy tury\u015bci starali si\u0119 nam nieco utrudni\u0107 przeprowadzenie pomiaru, jednak dzielnie poradzili\u015bmy sobie z tymi przeszkodami &nbsp;i wszystko zako\u0144czy\u0142o si\u0119 pe\u0142nym sukcesem. Efektem naszej pracy b\u0119d\u0105: mapa wysoko\u015bciowa oraz model 3D &nbsp;Wydmy \u0141\u0105ckiej. Opracowania te zostan\u0105 przekazane S\u0142owi\u0144skiemu Parkowi Narodowemu, kt&oacute;ry od lat ch\u0119tnie &nbsp;korzysta z tworzonych przez nas materia\u0142&oacute;w.\n<\/p>\n<p>\n\tOczywi\u015bcie, nie sam\u0105 nauk\u0105 \u017cyje cz\u0142owiek (a ju\u017c na pewno nie student!). Ob&oacute;z by\u0142 \u015bwietn\u0105 okazj\u0105 do sp\u0119dzenia czasu w doskona\u0142ej atmosferze i \u015bwietnym towarzystwie. Pla\u017ca, blisko\u015b\u0107 dzikiej natury, wsp&oacute;lne ogniska , zwiedzanie lokalnych atrakcji &ndash; to tylko z niekt&oacute;rych urozmaice\u0144, kt&oacute;rych uczestnicy naszego wyjazdu mogli do\u015bwiadczy\u0107. U\u015bmiech nie opuszcza\u0142 nikogo ani na chwil\u0119, a mi\u0142e wspomnienia zostan\u0105 z Nami jeszcze d\u0142ugi czas (przynajmniej do nast\u0119pnego obozu !).&nbsp; Dzi\u0119kujemy wszystkim, dzi\u0119ki kt&oacute;rym nasz ob&oacute;z m&oacute;g\u0142 si\u0119 odby\u0107, szczeg&oacute;lnie naszym&nbsp; sponsorom: Wydzia\u0142owi Geodezji G&oacute;rniczej i In\u017cynierii \u015arodowiska, Stowarzyszeniu im. Stanis\u0142awa Staszica w Krakowie oraz Okr\u0119gowemu Przedsi\u0119biorstwu Geodezyjno-Kartograficznemu w Krakowie.\n<\/p>\n<p>\n\t&nbsp;I oczywi\u015bcie widzimy si\u0119 za rok!\n<\/p>\n<p align=\"right\">\n\t<span style=\"font-size:10px;\">Arkadiusz Sukta<\/span>\n<\/p>\n<p align=\"right\">\n\t<span style=\"font-size:10px;\">oraz ca\u0142y zesp&oacute;\u0142 pomiarowy<\/span>\n<\/p>\n<p align=\"right\">\n\t<span style=\"font-size:10px;\">zdj\u0119cia KNG Dahlta<\/span>\n<\/p>\n<p align=\"right\">\n\t&nbsp;\n<\/p>\n<p align=\"right\">\n\t<span style=\"font-size: 14px;\"><span style=\"font-family: arial, helvetica, sans-serif;\"><span style=\"text-align: center;\">[nggallery id=30]<\/span><\/span><\/span><\/p>\n","protected":false},"excerpt":{"rendered":"<p>Pocz\u0105tek sierpnia to czas, w kt&oacute;rym studenci naszego Ko\u0142a zn&oacute;w opanowali okolice \u0141eby.&nbsp; Ju\u017c po raz dwudziesty drugi odby\u0142 si\u0119 festiwal nauki i dobrej atmosfery pod szyldem obozu naukowego. Kolejny raz&nbsp; wybrali\u015bmy si\u0119, aby zmierzy\u0107 si\u0119 z nietypowym wyzwaniem &ndash; pomiarem przemieszcze\u0144 Wydmy \u0141\u0105ckiej &ndash; najwi\u0119kszej wydmy znajduj\u0105cej si\u0119 na terenie S\u0142owi\u0144skiego Parku Narodowego. Wyruszyli\u015bmy, pe\u0142ni zapa\u0142u, po kolejne ciekawe do\u015bwiadczenia. Nasze tegoroczne zmagania z&nbsp;piaskami wydm, patronatem obj\u0105\u0142 dziekan naszego wydzia\u0142u Pan prof. dr hab. in\u017c. Stanis\u0142aw Gruszczy\u0144ski.<\/p>\n","protected":false},"author":21,"featured_media":0,"comment_status":"closed","ping_status":"open","sticky":false,"template":"","format":"standard","meta":{"footnotes":"","_links_to":"","_links_to_target":""},"categories":[4,8,20],"tags":[],"class_list":{"0":"post-1626","1":"post","2":"type-post","3":"status-publish","4":"format-standard","6":"category-aktualnosci","7":"category-obozy","8":"category-rok-akademicki-20132014","9":"czr-hentry"},"_links":{"self":[{"href":"https:\/\/www.kng.agh.edu.pl\/kng\/wp-json\/wp\/v2\/posts\/1626","targetHints":{"allow":["GET"]}}],"collection":[{"href":"https:\/\/www.kng.agh.edu.pl\/kng\/wp-json\/wp\/v2\/posts"}],"about":[{"href":"https:\/\/www.kng.agh.edu.pl\/kng\/wp-json\/wp\/v2\/types\/post"}],"author":[{"embeddable":true,"href":"https:\/\/www.kng.agh.edu.pl\/kng\/wp-json\/wp\/v2\/users\/21"}],"replies":[{"embeddable":true,"href":"https:\/\/www.kng.agh.edu.pl\/kng\/wp-json\/wp\/v2\/comments?post=1626"}],"version-history":[{"count":0,"href":"https:\/\/www.kng.agh.edu.pl\/kng\/wp-json\/wp\/v2\/posts\/1626\/revisions"}],"wp:attachment":[{"href":"https:\/\/www.kng.agh.edu.pl\/kng\/wp-json\/wp\/v2\/media?parent=1626"}],"wp:term":[{"taxonomy":"category","embeddable":true,"href":"https:\/\/www.kng.agh.edu.pl\/kng\/wp-json\/wp\/v2\/categories?post=1626"},{"taxonomy":"post_tag","embeddable":true,"href":"https:\/\/www.kng.agh.edu.pl\/kng\/wp-json\/wp\/v2\/tags?post=1626"}],"curies":[{"name":"wp","href":"https:\/\/api.w.org\/{rel}","templated":true}]}}