{"id":3350,"date":"2016-10-17T15:11:31","date_gmt":"2016-10-17T13:11:31","guid":{"rendered":"http:\/\/www.kng.agh.edu.pl\/kng\/?p=3350"},"modified":"2016-10-17T15:11:31","modified_gmt":"2016-10-17T13:11:31","slug":"tatry2016","status":"publish","type":"post","link":"https:\/\/www.kng.agh.edu.pl\/kng\/2016\/10\/17\/tatry2016\/","title":{"rendered":"Ob\u00f3z naukowy TATRY 2016"},"content":{"rendered":"<p>Akcj\u0119 Lato zamkn\u0105\u0142 w tym roku ob\u00f3z w Tatrach. \u0141\u0105cznie dziesi\u0119cioro przedstawicieli naszego Ko\u0142a pod opiek\u0105 dra in\u017c. Paw\u0142a \u0106wi\u0105ka\u0142y i dra in\u017c. Rafa\u0142a Kocierza wykorzysta\u0142o wszystkie ostatnie tego lata promienie s\u0142o\u0144ca, pracuj\u0105c dzielnie prawie od \u015bwitu do zmierzchu przy inwentaryzacji szlak\u00f3w w wysokich g\u00f3rach Tatrza\u0144skiego Parku Narodowego.<\/p>\n<p>Dzi\u0119ki wsparciu ze strony TPN-u, AGH oraz OPGK w Opolu, GEOMAX, AlgoRes-Soft i NadowskiNET mo\u017cliwy by\u0142 pomiar obszaru szlak\u00f3w w Tatrach Zachodnich, wymagaj\u0105cych remontu, wykonany metod\u0105 skanowania laserowego oraz przekroj\u00f3w. Do pomiar\u00f3w u\u017cyto odbiornik\u00f3w GPS: Zenith25 Pro Seria wypo\u017cyczonego od firmy GEOMAX, Javad Triumph i Leica GPS1200 oraz skanera Leica ScanStation C10.<\/p>\n<p>Nagrod\u0105 za codzienne trudy pomiar\u00f3w w tak niedost\u0119pnym \u015brodowisku by\u0142y zapieraj\u0105ce dech w piersiach widoki oblanych s\u0142o\u0144cem Czerwonych Wierch\u00f3w, zdobycie mniej popularnych tatrza\u0144skich szczyt\u00f3w (cz\u0119sto ponad 2000 m n.p.m.) oraz wieczory wype\u0142nione d\u017awi\u0119kami gitary i najpi\u0119kniejszych turystycznych piosenek. Kiedy wi\u0119c ob\u00f3z si\u0119 sko\u0144czy\u0142, zm\u0119czenie zmy\u0142 z naszych twarzy pierwszy od 2 tygodni ulewny deszcz &#8211; naszym zdaniem natomiast by\u0142 to tatrza\u0144ski p\u0142acz, nie tylko my nie chcieli\u015bmy si\u0119 jeszcze \u017cegna\u0107&#8230; Na pewno d\u0142ugo zostan\u0105 z nami do\u015bwiadczenia i wspomnienia tego lata, a tak\u017ce przyja\u017anie poddane pr\u00f3bie wysokog\u00f3rskiego klimatu.<\/p>\n<p>Wi\u0119cej o obozie mo\u017cecie poczyta\u0107 na Geoforum:<\/p>\n<p><a href=\"https:\/\/geoforum.pl\/?page=news&amp;id=22466&amp;link=studenci-agh-przemierzyli-tatrzanskie-szlaki&amp;menu=47096\">https:\/\/geoforum.pl\/?page=news&amp;id=22466&amp;link=studenci-agh-przemierzyli-tatrzanskie-szlaki&amp;menu=47096<\/a><\/p>\n<p>&nbsp;<\/p>\n<p style=\"text-align: right;\">Ewa Trzebuniak<\/p>\n","protected":false},"excerpt":{"rendered":"<p>Akcj\u0119 Lato zamkn\u0105\u0142 w tym roku ob\u00f3z w Tatrach. \u0141\u0105cznie dziesi\u0119cioro przedstawicieli naszego Ko\u0142a pod opiek\u0105 dra in\u017c. Paw\u0142a \u0106wi\u0105ka\u0142y i dra in\u017c. Rafa\u0142a Kocierza wykorzysta\u0142o wszystkie ostatnie tego lata promienie s\u0142o\u0144ca, pracuj\u0105c dzielnie prawie od \u015bwitu do zmierzchu przy inwentaryzacji szlak\u00f3w w wysokich g\u00f3rach Tatrza\u0144skiego Parku Narodowego. Dzi\u0119ki wsparciu ze strony TPN-u, AGH oraz OPGK w Opolu, GEOMAX, AlgoRes-Soft i NadowskiNET mo\u017cliwy by\u0142 pomiar obszaru szlak\u00f3w w Tatrach Zachodnich, wymagaj\u0105cych remontu, wykonany metod\u0105 skanowania laserowego oraz przekroj\u00f3w. Do pomiar\u00f3w u\u017cyto odbiornik\u00f3w GPS: Zenith25 Pro Seria wypo\u017cyczonego od firmy GEOMAX, Javad Triumph i Leica GPS1200 oraz skanera Leica ScanStation C10. Nagrod\u0105 za codzienne trudy pomiar\u00f3w w tak niedost\u0119pnym \u015brodowisku by\u0142y zapieraj\u0105ce dech w piersiach widoki oblanych s\u0142o\u0144cem Czerwonych Wierch\u00f3w, zdobycie mniej popularnych tatrza\u0144skich szczyt\u00f3w (cz\u0119sto ponad 2000 m n.p.m.) oraz wieczory wype\u0142nione d\u017awi\u0119kami gitary i najpi\u0119kniejszych turystycznych piosenek. Kiedy wi\u0119c ob\u00f3z si\u0119 sko\u0144czy\u0142, zm\u0119czenie zmy\u0142 z naszych twarzy pierwszy od 2 tygodni ulewny deszcz &#8211; naszym zdaniem natomiast by\u0142 to tatrza\u0144ski p\u0142acz, nie tylko my nie chcieli\u015bmy si\u0119 jeszcze \u017cegna\u0107&#8230; Na pewno d\u0142ugo zostan\u0105 z nami do\u015bwiadczenia i wspomnienia tego lata, a tak\u017ce przyja\u017anie poddane pr\u00f3bie wysokog\u00f3rskiego klimatu. Wi\u0119cej o obozie mo\u017cecie poczyta\u0107 na Geoforum: https:\/\/geoforum.pl\/?page=news&amp;id=22466&amp;link=studenci-agh-przemierzyli-tatrzanskie-szlaki&amp;menu=47096 &nbsp; Ewa Trzebuniak<\/p>\n","protected":false},"author":21,"featured_media":0,"comment_status":"closed","ping_status":"open","sticky":false,"template":"","format":"standard","meta":{"footnotes":"","_links_to":"","_links_to_target":""},"categories":[4],"tags":[],"class_list":{"0":"post-3350","1":"post","2":"type-post","3":"status-publish","4":"format-standard","6":"category-aktualnosci","7":"czr-hentry"},"_links":{"self":[{"href":"https:\/\/www.kng.agh.edu.pl\/kng\/wp-json\/wp\/v2\/posts\/3350","targetHints":{"allow":["GET"]}}],"collection":[{"href":"https:\/\/www.kng.agh.edu.pl\/kng\/wp-json\/wp\/v2\/posts"}],"about":[{"href":"https:\/\/www.kng.agh.edu.pl\/kng\/wp-json\/wp\/v2\/types\/post"}],"author":[{"embeddable":true,"href":"https:\/\/www.kng.agh.edu.pl\/kng\/wp-json\/wp\/v2\/users\/21"}],"replies":[{"embeddable":true,"href":"https:\/\/www.kng.agh.edu.pl\/kng\/wp-json\/wp\/v2\/comments?post=3350"}],"version-history":[{"count":1,"href":"https:\/\/www.kng.agh.edu.pl\/kng\/wp-json\/wp\/v2\/posts\/3350\/revisions"}],"predecessor-version":[{"id":3351,"href":"https:\/\/www.kng.agh.edu.pl\/kng\/wp-json\/wp\/v2\/posts\/3350\/revisions\/3351"}],"wp:attachment":[{"href":"https:\/\/www.kng.agh.edu.pl\/kng\/wp-json\/wp\/v2\/media?parent=3350"}],"wp:term":[{"taxonomy":"category","embeddable":true,"href":"https:\/\/www.kng.agh.edu.pl\/kng\/wp-json\/wp\/v2\/categories?post=3350"},{"taxonomy":"post_tag","embeddable":true,"href":"https:\/\/www.kng.agh.edu.pl\/kng\/wp-json\/wp\/v2\/tags?post=3350"}],"curies":[{"name":"wp","href":"https:\/\/api.w.org\/{rel}","templated":true}]}}